{"id":2222,"date":"2017-05-19T14:17:27","date_gmt":"2017-05-19T17:17:27","guid":{"rendered":"http:\/\/www.bellaspaurbano.com.br\/site\/?p=2222"},"modified":"2017-05-19T14:19:11","modified_gmt":"2017-05-19T17:19:11","slug":"qual-a-ligacao-entre-pele-oleosa-e-cabelo-oleoso","status":"publish","type":"post","link":"https:\/\/www.bellaspaurbano.com.br\/site\/qual-a-ligacao-entre-pele-oleosa-e-cabelo-oleoso\/","title":{"rendered":"Qual a liga\u00e7\u00e3o entre pele oleosa e cabelo oleoso?"},"content":{"rendered":"<p class=\"text\"><a href=\"http:\/\/www.bellaspaurbano.com.br\/site\/wp-content\/uploads\/2017\/05\/cabelosoleosos.jpg\"><img loading=\"lazy\" decoding=\"async\" class=\"aligncenter wp-image-2223\" src=\"http:\/\/www.bellaspaurbano.com.br\/site\/wp-content\/uploads\/2017\/05\/cabelosoleosos.jpg\" alt=\"\" width=\"377\" height=\"264\" \/><\/a><\/p>\n<p class=\"text\">S\u00e3o diversos os fatores que podem influenciar na oleosidade de sua pele e cabelos: calor, umidade, puberdade, gen\u00e9tica\u2026Quem tem um cabelo mais denso, de boa textura, ou com abund\u00e2ncia de pelos, normalmente, tende a sofrer mais com o problema.<\/p>\n<p class=\"text\">Apesar de terem certa rela\u00e7\u00e3o, por\u00e9m, quem possui um cabelo oleoso n\u00e3o precisa ter, necessariamente, uma pele oleosa ou vice-versa. Mas, como pode acontecer, \u00e9 importante voc\u00ea ficar atenta \u00e0s causas do problema.<\/p>\n<p class=\"text\">A oleosidade dos cabelos e da pele \u00e9 resultado, na maioria das vezes, do aumento da produ\u00e7\u00e3o de sebo por gl\u00e2ndulas presentes em praticamente todo o nosso corpo. Como h\u00e1 uma concentra\u00e7\u00e3o delas na regi\u00e3o do couro cabeludo e do rosto, essas \u00e1reas acabam sendo mais afetadas.<\/p>\n<p class=\"text\">Se a oleosidade se concentrar somente nos fios e couro cabeludo, um bom shampoo espec\u00edfico para cabelos oleosos que cuide do couro cabeludo \u00e9 a solu\u00e7\u00e3o mais r\u00e1pida e eficiente para a mitiga\u00e7\u00e3o do problema.<\/p>\n<p class=\"text\">Entretanto, se mesmo com produtos espec\u00edficos, o seu cabelo continuar sem saudabilidade, os motivos por tr\u00e1s dessa situa\u00e7\u00e3o podem residir na falta de ingest\u00e3o de vitaminas ou em uma dieta n\u00e3o balanceada ou com muitos alimentos gordurosos.<\/p>\n<p class=\"text\">Um eventual desequil\u00edbrio hormonal ou at\u00e9 mesmo quest\u00e3o gen\u00e9tica n\u00e3o podem ser descartados, mas quem responder\u00e1 isso ser\u00e1 um profissional\u00a0da sua confian\u00e7a. \u00c9\u00a0ele quem olhar\u00e1 para a condi\u00e7\u00e3o da sua pele e pelos, podendo fornecer estrat\u00e9gias de tratamentos ou prescrevendo produtos espec\u00edficos.<\/p>\n<p class=\"text\">Lembre-se sempre: couro cabeludo \u00e9 pele e a sa\u00fade dele interfere \u2013 e muito \u2013 no aspecto final dos cabelos.<\/p>\n<p class=\"text\">Deseja mais orienta\u00e7\u00f5es ou uma avalia\u00e7\u00e3o espec\u00edfica do seu tipo de pele e os cuidados tanto com a pele quanto os cabelos, agende j\u00e1 seu hor\u00e1rio: (35) 3423-5679.<\/p>\n","protected":false},"excerpt":{"rendered":"<p>S\u00e3o diversos os fatores que podem influenciar na oleosidade de sua pele e cabelos: calor, umidade, puberdade, gen\u00e9tica\u2026Quem tem um cabelo mais denso, de boa textura, ou com abund\u00e2ncia de pelos, normalmente, tende a sofrer mais com o problema. Apesar de terem certa rela\u00e7\u00e3o, por\u00e9m, quem possui um cabelo oleoso n\u00e3o precisa ter, necessariamente, uma<a href=\"https:\/\/www.bellaspaurbano.com.br\/site\/qual-a-ligacao-entre-pele-oleosa-e-cabelo-oleoso\/\">[&#8230;]<\/a><\/p>\n","protected":false},"author":1,"featured_media":2224,"comment_status":"open","ping_status":"closed","sticky":false,"template":"","format":"standard","meta":{"footnotes":""},"categories":[33,1,32],"tags":[125,239,238,241,240,237,242,169,230],"class_list":["post-2222","post","type-post","status-publish","format-standard","has-post-thumbnail","hentry","category-beleza-estetica","category-blog","category-saude-bem-estar","tag-bellaspaurbano","tag-bem-estar","tag-cabelo","tag-courocabeludo","tag-cuidadoscomapele","tag-pele","tag-peleoleosa","tag-saude","tag-tricologiacapilar"],"_links":{"self":[{"href":"https:\/\/www.bellaspaurbano.com.br\/site\/wp-json\/wp\/v2\/posts\/2222"}],"collection":[{"href":"https:\/\/www.bellaspaurbano.com.br\/site\/wp-json\/wp\/v2\/posts"}],"about":[{"href":"https:\/\/www.bellaspaurbano.com.br\/site\/wp-json\/wp\/v2\/types\/post"}],"author":[{"embeddable":true,"href":"https:\/\/www.bellaspaurbano.com.br\/site\/wp-json\/wp\/v2\/users\/1"}],"replies":[{"embeddable":true,"href":"https:\/\/www.bellaspaurbano.com.br\/site\/wp-json\/wp\/v2\/comments?post=2222"}],"version-history":[{"count":2,"href":"https:\/\/www.bellaspaurbano.com.br\/site\/wp-json\/wp\/v2\/posts\/2222\/revisions"}],"predecessor-version":[{"id":2226,"href":"https:\/\/www.bellaspaurbano.com.br\/site\/wp-json\/wp\/v2\/posts\/2222\/revisions\/2226"}],"wp:featuredmedia":[{"embeddable":true,"href":"https:\/\/www.bellaspaurbano.com.br\/site\/wp-json\/wp\/v2\/media\/2224"}],"wp:attachment":[{"href":"https:\/\/www.bellaspaurbano.com.br\/site\/wp-json\/wp\/v2\/media?parent=2222"}],"wp:term":[{"taxonomy":"category","embeddable":true,"href":"https:\/\/www.bellaspaurbano.com.br\/site\/wp-json\/wp\/v2\/categories?post=2222"},{"taxonomy":"post_tag","embeddable":true,"href":"https:\/\/www.bellaspaurbano.com.br\/site\/wp-json\/wp\/v2\/tags?post=2222"}],"curies":[{"name":"wp","href":"https:\/\/api.w.org\/{rel}","templated":true}]}}